{"id":1397,"date":"2024-09-27T14:37:27","date_gmt":"2024-09-27T20:37:27","guid":{"rendered":"https:\/\/arceallergy.com\/?p=1397"},"modified":"2024-09-27T14:45:01","modified_gmt":"2024-09-27T20:45:01","slug":"alimentos-y-enfermedades-alergicas-un-impacto-inesperado","status":"publish","type":"post","link":"https:\/\/arceallergy.com\/index.php\/2024\/09\/27\/alimentos-y-enfermedades-alergicas-un-impacto-inesperado\/","title":{"rendered":"Alimentos y Enfermedades Al\u00e9rgicas: Un Impacto Inesperado"},"content":{"rendered":"<div class=\"wp-block-image\">\n<figure class=\"aligncenter size-full is-resized\"><img fetchpriority=\"high\" decoding=\"async\" width=\"1248\" height=\"770\" src=\"https:\/\/arceallergy.com\/wp-content\/uploads\/2024\/09\/alimentos-procesados-648x400-k9CG-U160404907411VpC-1248x770@RC.webp\" alt=\"\" class=\"wp-image-1399\" style=\"width:328px;height:auto\" srcset=\"https:\/\/arceallergy.com\/wp-content\/uploads\/2024\/09\/alimentos-procesados-648x400-k9CG-U160404907411VpC-1248x770@RC.webp 1248w, https:\/\/arceallergy.com\/wp-content\/uploads\/2024\/09\/alimentos-procesados-648x400-k9CG-U160404907411VpC-1248x770@RC-300x185.webp 300w, https:\/\/arceallergy.com\/wp-content\/uploads\/2024\/09\/alimentos-procesados-648x400-k9CG-U160404907411VpC-1248x770@RC-1024x632.webp 1024w, https:\/\/arceallergy.com\/wp-content\/uploads\/2024\/09\/alimentos-procesados-648x400-k9CG-U160404907411VpC-1248x770@RC-768x474.webp 768w\" sizes=\"(max-width: 1248px) 100vw, 1248px\" \/><\/figure>\n<\/div>\n\n\n<p class=\"has-text-align-center\"><strong>Lo que NO te dijeron sobre los alimentos saludables<\/strong>&nbsp;<\/p>\n\n\n\n<p class=\"has-text-align-center\">Hasta ahora, muchas personas pensaban que una alimentaci\u00f3n &#8220;equilibrada&#8221; se trataba simplemente de limitar las grasas y calor\u00edas, pero el verdadero problema radica en los alimentos ultra procesados. Estos no solo a\u00f1aden kilos de m\u00e1s, sino que tambi\u00e9n influyen negativamente en nuestra salud inmunol\u00f3gica.&nbsp;<\/p>\n\n\n\n<p class=\"has-text-align-center\"><strong>\u00bfQu\u00e9 est\u00e1n comiendo nuestros ni\u00f1os?<\/strong>&nbsp;<\/p>\n\n\n\n<p class=\"has-text-align-center\">\u00bfSab\u00edas que los alimentos ultra procesados pueden estar relacionados directamente con el aumento de enfermedades al\u00e9rgicas en los m\u00e1s peque\u00f1os?<\/p>\n\n\n\n<p class=\"has-text-align-center\">Cada d\u00eda consumimos alimentos que, aunque parecen inofensivos, est\u00e1n afectando profundamente nuestra salud, especialmente la de los ni\u00f1os. Los alimentos ultra procesados se han vuelto omnipresentes, representando m\u00e1s de la mitad de la ingesta energ\u00e9tica en pa\u00edses desarrollados como Estados Unidos y Reino Unido.&nbsp;<\/p>\n\n\n\n<p>Pero&nbsp;<\/p>\n\n\n\n<p><strong>Los alimentos ultra procesados: \u00bfqu\u00e9 son realmente?<\/strong>&nbsp;<\/p>\n\n\n\n<p class=\"has-text-align-center\">Los alimentos ultra procesados no son simplemente alimentos con ingredientes agregados; son PRODUCTOS fabricados con sustancias que contienen pocos o ning\u00fan alimento entero.&nbsp;<\/p>\n\n\n\n<p class=\"has-text-align-center\">Pi\u00e9nsalo, \u00bfcu\u00e1ndo fue la \u00faltima vez que consumiste un refrigerio que ten\u00eda m\u00e1s aditivos que ingredientes naturales?&nbsp;<\/p>\n\n\n\n<p class=\"has-text-align-center\">Estos alimentos incluyen muchos de los productos que comemos diariamente: bebidas azucaradas, snacks, y comidas listas para comer.<\/p>\n\n\n\n<p class=\"has-text-align-center\"><strong>El impacto en la salud al\u00e9rgica<\/strong>: La ciencia ha comenzado a identificar que los alimentos ultraprocesados est\u00e1n asociados con un mayor riesgo de desarrollar enfermedades al\u00e9rgicas, como el asma, la dermatitis at\u00f3pica y las alergias alimentarias. Este efecto se debe, en gran medida, a los aditivos presentes en estos productos, como el glutamato monos\u00f3dico y los productos avanzados de glicaci\u00f3n, que, al ser ingeridos, alteran tanto el sistema inmunitario como la microbiota intestinal (flora intestinal). Los ni\u00f1os que consumen bebidas azucaradas y alimentos ricos en fructosa, carbohidratos procesados y otros aditivos tienen una mayor predisposici\u00f3n a desarrollar estas enfermedades.<\/p>\n\n\n\n<p class=\"has-text-align-center\"><strong>\u00bfQu\u00e9 podemos hacer?&nbsp;<\/strong><\/p>\n\n\n\n<p class=\"has-text-align-center\">No todo est\u00e1 perdido.&nbsp;<\/p>\n\n\n\n<p class=\"has-text-align-center\">Aunque vivimos en un mundo lleno de productos ultra procesados, podemos tomar medidas para reducir su consumo:<\/p>\n\n\n\n<ul class=\"wp-block-list\">\n<li><strong>Opta por alimentos frescos<\/strong>: En lugar de snacks y comidas listas para comer, elige frutas, verduras y alimentos m\u00ednimamente procesados.<\/li>\n\n\n\n<li><strong>Lee las etiquetas<\/strong>: Aprende a identificar los ingredientes problem\u00e1ticos, como los aditivos y az\u00facares a\u00f1adidos.<\/li>\n\n\n\n<li><strong>Cocina en casa<\/strong>: Aunque parece una tarea dif\u00edcil, la preparaci\u00f3n de comidas caseras puede ser m\u00e1s simple de lo que piensas. Involucra a los ni\u00f1os en la cocina para que desarrollen una relaci\u00f3n positiva con los alimentos naturales.<\/li>\n<\/ul>\n\n\n\n<p>El impacto de los alimentos en la salud al\u00e9rgica es m\u00e1s profundo de lo que sol\u00edamos creer.&nbsp;<\/p>\n\n\n\n<p>Es hora de replantearnos nuestras elecciones alimentarias y priorizar una nutrici\u00f3n m\u00e1s natural para mejorar la calidad de vida de toda la familia y muy en especial de los ni\u00f1os.<\/p>\n\n\n\n<figure class=\"wp-block-image size-full is-resized\"><img decoding=\"async\" width=\"696\" height=\"391\" src=\"https:\/\/arceallergy.com\/wp-content\/uploads\/2024\/09\/productos-ultraprocesados-un-riesgo-para-la-salud-publica-en-mexico-67428c86-focus-0-0-696-391-1.jpeg\" alt=\"\" class=\"wp-image-1400\" style=\"width:270px;height:auto\" srcset=\"https:\/\/arceallergy.com\/wp-content\/uploads\/2024\/09\/productos-ultraprocesados-un-riesgo-para-la-salud-publica-en-mexico-67428c86-focus-0-0-696-391-1.jpeg 696w, https:\/\/arceallergy.com\/wp-content\/uploads\/2024\/09\/productos-ultraprocesados-un-riesgo-para-la-salud-publica-en-mexico-67428c86-focus-0-0-696-391-1-300x169.jpeg 300w\" sizes=\"(max-width: 696px) 100vw, 696px\" \/><\/figure>\n\n\n\n<p>Un gusto coincidir<\/p>\n\n\n\n<p>Dra. Illian Santoyo Granados<\/p>\n\n\n\n<p>Inmunonutrici\u00f3n<\/p>\n\n\n\n<p><a href=\"https:\/\/nutretutrascendencia066.lpages.co\/tarjeta-digital-redes\/\">CONOCE M\u00c1S y comparte<\/a><\/p>\n\n\n\n<p>Alerg\u00f3loga, Inmun\u00f3loga<\/p>\n\n\n\n<p>Especialista en nutrici\u00f3n \u00f3ptima para el ser humano<\/p>\n\n\n\n<p><\/p>\n","protected":false},"excerpt":{"rendered":"<p>Lo que NO te dijeron sobre los alimentos saludables&nbsp; Hasta ahora, muchas personas pensaban que una alimentaci\u00f3n &#8220;equilibrada&#8221; se trataba simplemente de limitar las grasas y calor\u00edas, pero el verdadero problema radica en los alimentos ultra procesados. Estos no solo a\u00f1aden kilos de m\u00e1s, sino que tambi\u00e9n influyen negativamente en nuestra salud inmunol\u00f3gica.&nbsp; \u00bfQu\u00e9 est\u00e1n [&hellip;]<\/p>\n","protected":false},"author":5,"featured_media":0,"comment_status":"open","ping_status":"open","sticky":false,"template":"","format":"standard","meta":{"footnotes":""},"categories":[1],"tags":[],"class_list":["post-1397","post","type-post","status-publish","format-standard","hentry","category-uncategorized","entry"],"_links":{"self":[{"href":"https:\/\/arceallergy.com\/index.php\/wp-json\/wp\/v2\/posts\/1397","targetHints":{"allow":["GET"]}}],"collection":[{"href":"https:\/\/arceallergy.com\/index.php\/wp-json\/wp\/v2\/posts"}],"about":[{"href":"https:\/\/arceallergy.com\/index.php\/wp-json\/wp\/v2\/types\/post"}],"author":[{"embeddable":true,"href":"https:\/\/arceallergy.com\/index.php\/wp-json\/wp\/v2\/users\/5"}],"replies":[{"embeddable":true,"href":"https:\/\/arceallergy.com\/index.php\/wp-json\/wp\/v2\/comments?post=1397"}],"version-history":[{"count":3,"href":"https:\/\/arceallergy.com\/index.php\/wp-json\/wp\/v2\/posts\/1397\/revisions"}],"predecessor-version":[{"id":1405,"href":"https:\/\/arceallergy.com\/index.php\/wp-json\/wp\/v2\/posts\/1397\/revisions\/1405"}],"wp:attachment":[{"href":"https:\/\/arceallergy.com\/index.php\/wp-json\/wp\/v2\/media?parent=1397"}],"wp:term":[{"taxonomy":"category","embeddable":true,"href":"https:\/\/arceallergy.com\/index.php\/wp-json\/wp\/v2\/categories?post=1397"},{"taxonomy":"post_tag","embeddable":true,"href":"https:\/\/arceallergy.com\/index.php\/wp-json\/wp\/v2\/tags?post=1397"}],"curies":[{"name":"wp","href":"https:\/\/api.w.org\/{rel}","templated":true}]}}