{"id":979,"date":"2021-08-07T18:40:00","date_gmt":"2021-08-08T00:40:00","guid":{"rendered":"https:\/\/arceallergy.com\/?p=979"},"modified":"2023-04-02T22:33:27","modified_gmt":"2023-04-03T04:33:27","slug":"asma-como-saber-si-tengo-asma","status":"publish","type":"post","link":"https:\/\/arceallergy.com\/index.php\/2021\/08\/07\/asma-como-saber-si-tengo-asma\/","title":{"rendered":"ASMA \u00bfc\u00f3mo saber si tengo asma?"},"content":{"rendered":"\n<p><\/p>\n\n\n\n<p>El asma es una enfermedad en la que existe inflamaci\u00f3n persistente en los bronquios, desde los m\u00e1s grandes hasta los m\u00e1s peque\u00f1os localizados en ambos pulmones.<\/p>\n\n\n\n<p>Cuando tenemos <strong>tos que persiste, falta de aire, opresi\u00f3n en el pecho o escuchamos silbido en el pecho<\/strong>, puede ser asma. M\u00e1s si los s\u00edntomas se desencadenan o se exacerban en la noche, en la ma\u00f1ana, con actividades f\u00edsicas cotidianas, ejercicio, fr\u00edo, lluvias, llanto o al exponernos al polen de plantas, polvo o mascotas.<\/p>\n\n\n\n<p>Algo interesante y \u00fanico en el asma, es que en un momento podemos tener los s\u00edntomas y en otro momento del mismo d\u00eda ya no, as\u00ed son, los s\u00edntomas var\u00edan a lo largo del d\u00eda, de la semana, de nuestras actividades, del estr\u00e9s que tengamos, de las exposiciones a irritantes y sobre todo cuando somos al\u00e9rgicos a las plantas, al ambiente, al polvo, etc.<\/p>\n\n\n\n<p>Antes era catastr\u00f3fico tener asma, las pel\u00edculas son geniales pues nos hacen creer que si tenemos asma, estamos condenados a padecer falta de aire y utilizar los medicamentos por siempre y hasta que nos vayamos de este mundo. NO ES AS\u00cd. El asma se controla en el 100% de los casos, sobre todo si el asma es porque somos al\u00e9rgicos, esto gracias a las pruebas de alergia y a las vacunas de alergia.<\/p>\n\n\n\n<p>En la actualidad, los neum\u00f3logos env\u00edan a valoraci\u00f3n por el alerg\u00f3logo a los pacientes con asma, pues con un diagn\u00f3stico y tratamiento adecuados y por el tiempo necesario, escalonado y ordenado, podemos librarnos de los s\u00edntomas en los primeros meses sin volver a utilizar medicamentos, vivir libre de s\u00edntomas durante el d\u00eda y la noche, sin limitarnos en nuestras actividades cotidianas y actividades f\u00edsicas.<\/p>\n\n\n\n<p class=\"has-text-align-center\">Nos vemos en consulta<\/p>\n\n\n<div class=\"wp-block-image\">\n<figure class=\"aligncenter size-large is-resized\"><img decoding=\"async\" src=\"https:\/\/arceallergy.com\/wp-content\/uploads\/2023\/04\/Logo_secundario-1-1024x186.png\" alt=\"\" class=\"wp-image-1231\" width=\"264\" height=\"47\" srcset=\"https:\/\/arceallergy.com\/wp-content\/uploads\/2023\/04\/Logo_secundario-1-1024x186.png 1024w, https:\/\/arceallergy.com\/wp-content\/uploads\/2023\/04\/Logo_secundario-1-300x54.png 300w, https:\/\/arceallergy.com\/wp-content\/uploads\/2023\/04\/Logo_secundario-1-768x139.png 768w, https:\/\/arceallergy.com\/wp-content\/uploads\/2023\/04\/Logo_secundario-1-1536x279.png 1536w, https:\/\/arceallergy.com\/wp-content\/uploads\/2023\/04\/Logo_secundario-1-2048x372.png 2048w\" sizes=\"(max-width: 264px) 100vw, 264px\" \/><\/figure>\n<\/div>\n\n\n<p class=\"has-text-align-center has-medium-font-size\">Agenda tu cita \ud83d\udc49\ud83c\udffb <a rel=\"noreferrer noopener\" href=\"https:\/\/www.doctoralia.com.mx\/z\/sNEeKq\" target=\"_blank\">https:\/\/www.doctoralia.com.mx\/z\/sNEeKq<\/a><\/p>\n","protected":false},"excerpt":{"rendered":"<p>El asma es una enfermedad en la que existe inflamaci\u00f3n persistente en los bronquios, desde los m\u00e1s grandes hasta los m\u00e1s peque\u00f1os localizados en ambos pulmones. Cuando tenemos tos que persiste, falta de aire, opresi\u00f3n en el pecho o escuchamos silbido en el pecho, puede ser asma. M\u00e1s si los s\u00edntomas se desencadenan o se [&hellip;]<\/p>\n","protected":false},"author":2,"featured_media":0,"comment_status":"closed","ping_status":"open","sticky":false,"template":"","format":"standard","meta":{"footnotes":""},"categories":[1],"tags":[],"class_list":["post-979","post","type-post","status-publish","format-standard","hentry","category-uncategorized","entry"],"_links":{"self":[{"href":"https:\/\/arceallergy.com\/index.php\/wp-json\/wp\/v2\/posts\/979","targetHints":{"allow":["GET"]}}],"collection":[{"href":"https:\/\/arceallergy.com\/index.php\/wp-json\/wp\/v2\/posts"}],"about":[{"href":"https:\/\/arceallergy.com\/index.php\/wp-json\/wp\/v2\/types\/post"}],"author":[{"embeddable":true,"href":"https:\/\/arceallergy.com\/index.php\/wp-json\/wp\/v2\/users\/2"}],"replies":[{"embeddable":true,"href":"https:\/\/arceallergy.com\/index.php\/wp-json\/wp\/v2\/comments?post=979"}],"version-history":[{"count":4,"href":"https:\/\/arceallergy.com\/index.php\/wp-json\/wp\/v2\/posts\/979\/revisions"}],"predecessor-version":[{"id":1235,"href":"https:\/\/arceallergy.com\/index.php\/wp-json\/wp\/v2\/posts\/979\/revisions\/1235"}],"wp:attachment":[{"href":"https:\/\/arceallergy.com\/index.php\/wp-json\/wp\/v2\/media?parent=979"}],"wp:term":[{"taxonomy":"category","embeddable":true,"href":"https:\/\/arceallergy.com\/index.php\/wp-json\/wp\/v2\/categories?post=979"},{"taxonomy":"post_tag","embeddable":true,"href":"https:\/\/arceallergy.com\/index.php\/wp-json\/wp\/v2\/tags?post=979"}],"curies":[{"name":"wp","href":"https:\/\/api.w.org\/{rel}","templated":true}]}}